{"id":5579,"date":"2021-11-08T13:58:45","date_gmt":"2021-11-08T10:58:45","guid":{"rendered":"https:\/\/sinopale8.org\/three-red-flags\/"},"modified":"2021-12-03T19:45:06","modified_gmt":"2021-12-03T16:45:06","slug":"three-red-flags","status":"publish","type":"post","link":"https:\/\/sinopale8.org\/tr\/three-red-flags\/","title":{"rendered":"\u00dc\u00e7 K\u0131rm\u0131z\u0131 Bayrak"},"content":{"rendered":"[vc_row thb_full_width=&#8221;true&#8221; thb_divider_position=&#8221;bottom&#8221;][vc_column css=&#8221;.vc_custom_1634480201455{padding-left: 30px !important;}&#8221;][vc_wp_text]\n<h2><strong><b>\u00dc\u00e7 K\u0131rm\u0131z\u0131 Bayrak, 2008<\/b><\/strong><\/h2>\n<p>Carlos Pina[\/vc_wp_text][vc_wp_text el_class=&#8221;p-last-child&#8221;]Sinopale 2, \u201c\u015eeylerin Yeni D\u00fczeni\u201d<br \/>\nK\u00fcrat\u00f6r: Beral Madra[\/vc_wp_text][vc_row_inner][vc_column_inner width=&#8221;1\/2&#8243;][\/vc_column_inner][vc_column_inner width=&#8221;1\/2&#8243;][vc_column_text]<span style=\"font-weight: 400;\">Olmu\u015f olan \u015fey olacak olan \u015fey, yap\u0131lan \u015fey yap\u0131lacak olan \u015fey ve g\u00fcne\u015fin alt\u0131nda yeni hi\u00e7bir sey yok. \u201c\u0130\u015fte bu yeni\u201d denebilecek bir \u015fey var m\u0131? Bu \u015fimdiden eskidi, bizlerden \u00f6nceki zamandan oldu. Ne eskiye ait \u015feylerin an\u0131msanmas\u0131 s\u00f6z konusu, ne de sonras\u0131nda geleceklerle gelecek \u015feylerin hat\u0131rlanmas\u0131 s\u00f6z konusu olacak.<\/span><\/p>\n<p><span style=\"font-weight: 400;\">Ecl 1: 9-11<\/span><\/p>\n<p><span style=\"font-weight: 400;\">Zamana ve mekana yay\u0131lm\u0131\u015f beden olarak b\u00f6lge. Sultan\u0131n Kosova (Blackbird) topraklar\u0131na akan kan\u0131 alt\u0131 y\u00fczy\u0131ll\u0131k say\u0131s\u0131z sava\u015f\u0131n kan\u0131yla sel oldu. Art\u0131k bak\u0131lacak ve duyulacak bir \u015feyin olmad\u0131\u011f\u0131 eski \u015fehrin g\u00f6zleri ve kulaklar\u0131 do\u011fuya do\u011fru bak\u0131yor, kulak kesiliyor. D\u00fcn\u00fcn d\u00fc\u015fman\u0131 k\u0131r\u0131lm\u0131\u015f k\u0131rm\u0131z\u0131 sar\u0131 bayrak \u015fimdi daha ya\u015fl\u0131 rakibi k\u0131rm\u0131z\u0131 mavi beyaz bayrakla ayn\u0131 bayraktar alt\u0131nda eski sava\u015f alan\u0131na d\u00f6nd\u00fc. Ortada, geni\u015fleyen beden k\u0131rm\u0131z\u0131 ve beyaz bayrak kollar\u0131yla iki k\u0131tay\u0131, do\u011fuyu ve bat\u0131y\u0131, ge\u00e7mi\u015fi ve \u015fimdiyi \u00fc\u00e7genin u\u00e7 noktas\u0131n\u0131 birle\u015ftiriyor. Bu arada yeni sultanlar yeni imparatorluklar in\u015fa etmeye \u00e7al\u0131\u015f\u0131yorlar. K\u0131rm\u0131z\u0131 bayrak:<\/span><\/p>\n<p><span style=\"font-weight: 400;\">Tehlike.<\/span><\/p>\n<p><span style=\"font-weight: 400;\">\u2026performans<\/span><\/p>\n<p><span style=\"font-weight: 400;\">Bu performans benim yer ve zamana \u00f6zel performanslar \u00e7izgimin par\u00e7as\u0131. Bu i\u015flerin ana\u00a0\u00f6zelli\u011fi dile getirilen veya getirilmeyen eylemle performans s\u0131ras\u0131nda s\u00f6ylem arac\u0131l\u0131\u011f\u0131yla ken- di ba\u011flamlar\u0131na yerle\u015ftirilen nesnelerin yap\u0131lmas\u0131n\u0131 a\u00e7\u0131k\u00e7a belirten bir konu\u015fman\u0131n olmas\u0131. Bu i\u015fimde her yerde mevcut olan \u201ck\u00fclt\u00fcrel\u201d nesneler olarak hafif sald\u0131r\u0131 silahlar\u0131 imgesini s\u0131kl\u0131kla kullan\u0131yorum. G\u00f6r\u00fcn\u00fcrde \u00e7ok a\u00e7\u0131k bir anlamlar\u0131 olmas\u0131na kar\u015f\u0131n, imge olarak silahlar\u0131n \u00e7o\u011ful okumalara olanak tan\u0131yan b\u00fcy\u00fck bir belirsizlik ta\u015f\u0131d\u0131klar\u0131n\u0131 d\u00fc\u015f\u00fcn\u00fcyorum. Kullan\u0131l\u0131\u015flar\u0131nda nesnenin kendisinden b\u00fcy\u00fclenme de\u011fil, t\u00fcm modern k\u00fclt\u00fcrlerde bulunan bir simge olarak evrenselli\u011finin onaylanmas\u0131 s\u00f6z konusu. B\u00f6ylelikle, i\u015fim evrensel olarak tan\u0131nabilir simgeler arac\u0131l\u0131\u011f\u0131yla performans yapt\u0131\u011f\u0131m yerle geldi\u011fim yerin toplumsal, k\u00fclt\u00fcrel ve siyasal ger\u00e7eklik- leri aras\u0131nda k\u00f6pr\u00fcler kurmaya \u00e7al\u0131\u015f\u0131yor.<\/span>[\/vc_column_text][\/vc_column_inner][\/vc_row_inner][\/vc_column][\/vc_row][vc_row thb_full_width=&#8221;true&#8221; thb_divider_position=&#8221;bottom&#8221; css=&#8221;.vc_custom_1634479779185{margin-top: 40px !important;}&#8221;][vc_column width=&#8221;5\/6&#8243;][vc_masonry_media_grid element_width=&#8221;6&#8243; gap=&#8221;35&#8243; grid_id=&#8221;vc_gid:1638549767695-ac79742c-6872-0&#8243; include=&#8221;2322,2324,2326,2328,2330,2332,2334,2336&#8243;][\/vc_column][vc_column width=&#8221;1\/6&#8243;][\/vc_column][vc_column][\/vc_column][\/vc_row]\n","protected":false},"excerpt":{"rendered":"<p>[vc_row thb_full_width=&#8221;true&#8221; thb_divider_position=&#8221;bottom&#8221;][vc_column css=&#8221;.vc_custom_1634480201455{padding-left: 30px !important;}&#8221;][vc_wp_text] \u00dc\u00e7 K\u0131rm\u0131z\u0131 Bayrak, 2008 Carlos Pina[\/vc_wp_text][vc_wp_text el_class=&#8221;p-last-child&#8221;]Sinopale 2, \u201c\u015eeylerin Yeni D\u00fczeni\u201d K\u00fcrat\u00f6r: Beral Madra[\/vc_wp_text][vc_row_inner][vc_column_inner width=&#8221;1\/2&#8243;][\/vc_column_inner][vc_column_inner width=&#8221;1\/2&#8243;][vc_column_text]Olmu\u015f olan \u015fey olacak olan \u015fey, yap\u0131lan \u015fey yap\u0131lacak olan \u015fey ve g\u00fcne\u015fin alt\u0131nda yeni hi\u00e7bir sey yok. \u201c\u0130\u015fte bu yeni\u201d denebilecek bir \u015fey var m\u0131? Bu \u015fimdiden eskidi, bizlerden \u00f6nceki zamandan oldu. Ne&hellip;<\/p>\n","protected":false},"author":1,"featured_media":2325,"comment_status":"closed","ping_status":"open","sticky":false,"template":"","format":"standard","meta":{"_acf_changed":false,"footnotes":""},"categories":[638,966],"tags":[716,724,728],"class_list":["post-5579","post","type-post","status-publish","format-standard","has-post-thumbnail","hentry","category-artwork-tr","category-sanat-eseri","tag-carlos-pina-tr","tag-nezaket-ekici-tr","tag-sinopale2-tr"],"acf":[],"_links":{"self":[{"href":"https:\/\/sinopale8.org\/tr\/wp-json\/wp\/v2\/posts\/5579","targetHints":{"allow":["GET"]}}],"collection":[{"href":"https:\/\/sinopale8.org\/tr\/wp-json\/wp\/v2\/posts"}],"about":[{"href":"https:\/\/sinopale8.org\/tr\/wp-json\/wp\/v2\/types\/post"}],"author":[{"embeddable":true,"href":"https:\/\/sinopale8.org\/tr\/wp-json\/wp\/v2\/users\/1"}],"replies":[{"embeddable":true,"href":"https:\/\/sinopale8.org\/tr\/wp-json\/wp\/v2\/comments?post=5579"}],"version-history":[{"count":2,"href":"https:\/\/sinopale8.org\/tr\/wp-json\/wp\/v2\/posts\/5579\/revisions"}],"predecessor-version":[{"id":6100,"href":"https:\/\/sinopale8.org\/tr\/wp-json\/wp\/v2\/posts\/5579\/revisions\/6100"}],"wp:featuredmedia":[{"embeddable":true,"href":"https:\/\/sinopale8.org\/tr\/wp-json\/wp\/v2\/media\/2325"}],"wp:attachment":[{"href":"https:\/\/sinopale8.org\/tr\/wp-json\/wp\/v2\/media?parent=5579"}],"wp:term":[{"taxonomy":"category","embeddable":true,"href":"https:\/\/sinopale8.org\/tr\/wp-json\/wp\/v2\/categories?post=5579"},{"taxonomy":"post_tag","embeddable":true,"href":"https:\/\/sinopale8.org\/tr\/wp-json\/wp\/v2\/tags?post=5579"}],"curies":[{"name":"wp","href":"https:\/\/api.w.org\/{rel}","templated":true}]}}