{"id":5510,"date":"2021-11-10T16:56:41","date_gmt":"2021-11-10T13:56:41","guid":{"rendered":"https:\/\/sinopale8.org\/reflective-together\/"},"modified":"2022-02-15T22:50:04","modified_gmt":"2022-02-15T19:50:04","slug":"birlikte-yansitarak","status":"publish","type":"post","link":"https:\/\/sinopale8.org\/tr\/birlikte-yansitarak\/","title":{"rendered":"Birlikte Yans\u0131tarak"},"content":{"rendered":"[vc_row thb_full_width=&#8221;true&#8221; thb_divider_position=&#8221;bottom&#8221;][vc_column css=&#8221;.vc_custom_1634480201455{padding-left: 30px !important;}&#8221;][vc_wp_text]\n<h2><strong><b>Birlikte Yans\u0131tarak, 2017<\/b><\/strong><\/h2>\n<p>Alvaro Campo[\/vc_wp_text][vc_wp_text el_class=&#8221;p-last-child&#8221;]Sinopale 6, \u201c<span style=\"font-weight: 400;\">Aktar\u0131m<\/span>\u201d<br \/>\nk\u00fcrat\u00f6r: <span style=\"font-weight: 400;\"> Jonatan Habib Engqvist<\/span>[\/vc_wp_text][vc_row_inner][vc_column_inner width=&#8221;1\/2&#8243;][\/vc_column_inner][vc_column_inner width=&#8221;1\/2&#8243;][vc_column_text]<span style=\"font-weight: 400;\">Alvaro Campo a\u011f\u0131rl\u0131kl\u0131 olarak g\u00fcnl\u00fck g\u00f6zlemler \u00fczerinde \u00e7al\u0131\u015fan bir sanat\u00e7\u0131d\u0131r. A\u011f\u0131rl\u0131kl\u0131 olarak foto\u011fraf eserleri \u00fczerinde \u00e7al\u0131\u015fan sanat\u00e7\u0131 ayr\u0131ca ge\u00e7ici ve mek\u00e2na \u00f6zg\u00fc enstalasyonlar da \u00fcretmektedir. Birlikte yans\u0131tarak adl\u0131 temsilcilerle ger\u00e7ekle\u015ftirece\u011fi bu performans, g\u00fcn\u0131\u015f\u0131\u011f\u0131yla \u201cg\u00f6r\u00fcnmez bir \u00e7izim\u201d olarak da nitelenebilir. Eser g\u00fcne\u015f \u0131\u015f\u0131nlar\u0131n\u0131 aynalar arac\u0131l\u0131\u011f\u0131yla bir d\u0131\u015f mek\u00e2ndan bir i\u00e7 mek\u00e2na aktararak nihayetinde (g\u00f6r\u00fcnmez) yans\u0131t\u0131c\u0131\/fosforlu boya ile boyanm\u0131\u015f, siyah bir ceketi ayd\u0131nlatma i\u015flemidir. 6 adet ayna tutan 6 ki\u015fi ise g\u00fcne\u015f \u0131\u015f\u0131nlar\u0131 i\u00e7in d\u0131\u015f mek\u00e2ndan i\u00e7 mek\u00e2na do\u011fru gerekli yolu yarat\u0131rlar. Bu eser sadece kat\u0131l\u0131mc\u0131lar aynay\u0131 tutuklar\u0131 zaman var olmaktad\u0131r.<\/span><\/p>\n<p><span style=\"font-weight: 400;\">Temsilcilerle performans, 6 ki\u015fi, 6 adet ayna, siyah ceket, fosforlu boya.<\/span><\/p>\n<p><a href=\"http:\/\/www.alvarocampo.com\/\" target=\"_blank\" rel=\"noopener\">http:\/\/www.alvarocampo.com\/<\/a>[\/vc_column_text][\/vc_column_inner][\/vc_row_inner][\/vc_column][\/vc_row][vc_row thb_full_width=&#8221;true&#8221; thb_divider_position=&#8221;bottom&#8221; css=&#8221;.vc_custom_1634479779185{margin-top: 40px !important;}&#8221;][vc_column][vc_masonry_media_grid element_width=&#8221;6&#8243; gap=&#8221;35&#8243; grid_id=&#8221;vc_gid:1644954562166-3aa09b0b-94f7-8&#8243; include=&#8221;8709,8712,8714,8716,8718&#8243;][\/vc_column][\/vc_row][vc_row thb_divider_position=&#8221;bottom&#8221;][vc_column][vc_video link=&#8221;https:\/\/vimeo.com\/232145590&#8243;][\/vc_column][\/vc_row]\n","protected":false},"excerpt":{"rendered":"<p>[vc_row thb_full_width=&#8221;true&#8221; thb_divider_position=&#8221;bottom&#8221;][vc_column css=&#8221;.vc_custom_1634480201455{padding-left: 30px !important;}&#8221;][vc_wp_text] Birlikte Yans\u0131tarak, 2017 Alvaro Campo[\/vc_wp_text][vc_wp_text el_class=&#8221;p-last-child&#8221;]Sinopale 6, \u201cAktar\u0131m\u201d k\u00fcrat\u00f6r: Jonatan Habib Engqvist[\/vc_wp_text][vc_row_inner][vc_column_inner width=&#8221;1\/2&#8243;][\/vc_column_inner][vc_column_inner width=&#8221;1\/2&#8243;][vc_column_text]Alvaro Campo a\u011f\u0131rl\u0131kl\u0131 olarak g\u00fcnl\u00fck g\u00f6zlemler \u00fczerinde \u00e7al\u0131\u015fan bir sanat\u00e7\u0131d\u0131r. A\u011f\u0131rl\u0131kl\u0131 olarak foto\u011fraf eserleri \u00fczerinde \u00e7al\u0131\u015fan sanat\u00e7\u0131 ayr\u0131ca ge\u00e7ici ve mek\u00e2na \u00f6zg\u00fc enstalasyonlar da \u00fcretmektedir. Birlikte yans\u0131tarak adl\u0131 temsilcilerle ger\u00e7ekle\u015ftirece\u011fi bu performans, g\u00fcn\u0131\u015f\u0131\u011f\u0131yla \u201cg\u00f6r\u00fcnmez bir \u00e7izim\u201d&hellip;<\/p>\n","protected":false},"author":3,"featured_media":8719,"comment_status":"closed","ping_status":"open","sticky":false,"template":"","format":"standard","meta":{"_acf_changed":false,"footnotes":""},"categories":[638,966],"tags":[752,765,702],"class_list":["post-5510","post","type-post","status-publish","format-standard","has-post-thumbnail","hentry","category-artwork-tr","category-sanat-eseri","tag-alvaro-campo-tr","tag-jonatan-habib-engqvist-tr","tag-sinopale6-tr"],"acf":[],"_links":{"self":[{"href":"https:\/\/sinopale8.org\/tr\/wp-json\/wp\/v2\/posts\/5510","targetHints":{"allow":["GET"]}}],"collection":[{"href":"https:\/\/sinopale8.org\/tr\/wp-json\/wp\/v2\/posts"}],"about":[{"href":"https:\/\/sinopale8.org\/tr\/wp-json\/wp\/v2\/types\/post"}],"author":[{"embeddable":true,"href":"https:\/\/sinopale8.org\/tr\/wp-json\/wp\/v2\/users\/3"}],"replies":[{"embeddable":true,"href":"https:\/\/sinopale8.org\/tr\/wp-json\/wp\/v2\/comments?post=5510"}],"version-history":[{"count":4,"href":"https:\/\/sinopale8.org\/tr\/wp-json\/wp\/v2\/posts\/5510\/revisions"}],"predecessor-version":[{"id":9115,"href":"https:\/\/sinopale8.org\/tr\/wp-json\/wp\/v2\/posts\/5510\/revisions\/9115"}],"wp:featuredmedia":[{"embeddable":true,"href":"https:\/\/sinopale8.org\/tr\/wp-json\/wp\/v2\/media\/8719"}],"wp:attachment":[{"href":"https:\/\/sinopale8.org\/tr\/wp-json\/wp\/v2\/media?parent=5510"}],"wp:term":[{"taxonomy":"category","embeddable":true,"href":"https:\/\/sinopale8.org\/tr\/wp-json\/wp\/v2\/categories?post=5510"},{"taxonomy":"post_tag","embeddable":true,"href":"https:\/\/sinopale8.org\/tr\/wp-json\/wp\/v2\/tags?post=5510"}],"curies":[{"name":"wp","href":"https:\/\/api.w.org\/{rel}","templated":true}]}}