{"id":5476,"date":"2021-11-14T15:36:42","date_gmt":"2021-11-14T12:36:42","guid":{"rendered":"https:\/\/sinopale8.org\/the-breath-of-sinop\/"},"modified":"2021-12-08T10:35:42","modified_gmt":"2021-12-08T07:35:42","slug":"the-breath-of-sinop","status":"publish","type":"post","link":"https:\/\/sinopale8.org\/tr\/the-breath-of-sinop\/","title":{"rendered":"Sinop&#8217;un Nefesi"},"content":{"rendered":"[vc_row thb_full_width=&#8221;true&#8221; thb_divider_position=&#8221;bottom&#8221;][vc_column css=&#8221;.vc_custom_1634480201455{padding-left: 30px !important;}&#8221;][vc_wp_text]\n<h2>Sinop&#8217;un Nefesi, 2014-2015<\/h2>\n[\/vc_wp_text][vc_wp_text el_class=&#8221;p-last-child&#8221;]Sinopale 5, \u201c<strong>K\u00fcmeler ve Kristaller: S<\/strong><strong>\u0131f\u0131r Noktas\u0131nda G\u00f6zlem<\/strong>\u201d<br \/>\nK\u00fcrat\u00f6r: T. Melih G\u00f6rg\u00fcn[\/vc_wp_text][vc_row_inner][vc_column_inner width=&#8221;1\/2&#8243;][\/vc_column_inner][vc_column_inner width=&#8221;1\/2&#8243;][vc_column_text]\n<p class=\"p1\">Sinopale 5 kapsam\u0131nda ba\u015flayan <i>Sinop\u2019un Nefesi<\/i> projesi, bir yandan \u015fehirde kaybolmu\u015f bir de\u011fer olan cam \u00fcfleme sanat\u0131n\u0131 g\u00fcndeme getirirken, di\u011fer yandan kat\u0131l\u0131mc\u0131lar\u0131 ortak ya\u015fam alanlar\u0131 \u00fczerine d\u00fc\u015f\u00fcnmeye ve birlikte hareket etmeye davet eden kat\u0131l\u0131mc\u0131l\u0131\u011f\u0131 oda\u011f\u0131nda tutan bir projedir.<\/p>\n<p>Sinoplularla yapt\u0131\u011f\u0131m sohbetlerde , onlar\u0131n ya\u015fam ortamlar\u0131nda s\u00fcregelen de\u011fi\u015fimlerle ilgili endi\u015felerini duydum.\u00a0 Kentsel peyzajda h\u0131zl\u0131 bir d\u00f6n\u00fc\u015f\u00fcm\u00a0 vard\u0131 ve kentli bunu bir yandan kucaklarken bir yandan da\u00a0 yerel k\u00fclt\u00fcrel ve do\u011fal miraslar\u0131n\u0131 kaybetme endi\u015fesindeydi.<\/p>\n<p>Projenin ilk amac\u0131, kentin h\u0131zlanan d\u00f6n\u00fc\u015f\u00fcm\u00fcnde yak\u0131nda yok olabilecek k\u00fclt\u00fcrel, sosyal ve do\u011fal miras\u0131n bir metaforu olarak Sinoplular\u0131n nefesini yakalamak ve ayn\u0131 zamanda bu de\u011ferler \u00fczerine sohbetler ba\u015flatmakt\u0131. .<\/p>\n<p>Nefesi korumak i\u00e7in se\u00e7ilen malzeme, kentin yak\u0131n tarihinde \u00f6nemli bir rol oynayan camd\u0131. Sinop, yakla\u015f\u0131k 25 y\u0131ld\u0131r T\u00fcrkiye&#8217;nin en b\u00fcy\u00fck el yap\u0131m\u0131 cam \u00fcretim fabrikas\u0131na sahiptir. Yirmi y\u0131ld\u0131r ekonomik zenginlik ve zanaatkarl\u0131k sa\u011flayan fabrika, makine \u00fcretimiyle rekabet edememesi nedeniyle 2005 y\u0131l\u0131nda kapat\u0131larak 1700 i\u015f\u00e7iyi i\u015ften \u00e7\u0131karmak durumunda kalm\u0131\u015ft\u0131.<\/p>\n<p>Eri\u015filebilirlik, sanat eseri \u00fcretiminde yer alma ve at\u00f6lyelerin etraf\u0131ndaki \u015fenlik, \u00f6znelliklerin kamusal alanda seslendirilebilece\u011fi bir ortam olu\u015fturabildi.. Kat\u0131l\u0131mc\u0131lardan tekrar tekrar korumak istedikleri de\u011ferleri ifade etmeleri istendi\u011fi i\u00e7in yerel sosyal dokuyu ve \u015fehrin miras\u0131n\u0131 yans\u0131tan bir mekan-zaman ar\u015fivi olu\u015fturuldu. Farkl\u0131 zamanlarda, aralar\u0131nda m\u00fczik gruplar\u0131, besteciler, multi-medya sanat\u00e7\u0131lar\u0131, foto\u011fraf\u00e7\u0131 gruplar\u0131 ve ilham verici \u00e7al\u0131\u015fmalar\u0131yla film yap\u0131mc\u0131lar\u0131 da bulunan \u00e7e\u015fitli sanat\u00e7\u0131lar projeye kendili\u011finden kat\u0131ld\u0131lar.<\/p>\n<p>Sinop S\u00fcrd\u00fcr\u00fclebilir Kalk\u0131nma Derne\u011fi ile yak\u0131n i\u015fbirli\u011fi i\u00e7inde \u00e7al\u0131\u015fan Sinop&#8217;un Nefesi, \u00e7al\u0131\u015ftaylarda dile getirilen fikirlerin vatanda\u015flar taraf\u0131ndan s\u00fcrd\u00fcr\u00fclebilir giri\u015fimlere d\u00f6n\u00fc\u015ft\u00fcr\u00fclmesini te\u015fvik ederek kentin sosyal, k\u00fclt\u00fcrel ve ekonomik kalk\u0131nmas\u0131n\u0131 destekledi.<\/p>\n<p>A\u011fustos 2014&#8217;te Sinopale 5&#8217;te ba\u015flad\u0131\u011f\u0131 cam \u00fcfleme at\u00f6lyelerine 500&#8217;den fazla ki\u015fi kat\u0131ld\u0131.<\/p>\n<p>Bu proje G\u00fcng\u00f6r Erdem, Sinop&#8217;lular, Sinop S\u00fcrd\u00fcr\u00fclebilir Siviller derne\u011fi, Sinop, Gerze ve Ayanc\u0131k Belediyeleri, \u0130stanbul Cam Oca\u011f\u0131 Vakf\u0131,\u00a0 Hulusi Yolas\u0131\u011fmaz, Sinop ve Stipglass Tilburg, NL&#8217;nin Glasscrafts ustalar\u0131 ve \u00e7e\u015fitli STK&#8217;lar ile ortakla\u015fa haz\u0131rlanm\u0131\u015ft\u0131r. Kad\u0131n El Sanatlar\u0131n\u0131 Geli\u015ftirme Derne\u011fi, Sinop Foto\u011fraf\u00e7\u0131lar Kul\u00fcb\u00fc, Mimarlar Odas\u0131, Avrupa K\u00fclt\u00fcr Derne\u011fi ve k\u00fc\u00e7\u00fck i\u015fletmeler Ayy\u0131ld\u0131z Copy Center, ABBC Bask\u0131, Kay\u0131k\u00e7\u0131o\u011flu Ticaret, \u00d6rnek Mant\u0131 ve yerel radyo Bar\u0131\u015f FM ve yerel gazetelerin deste\u011fi ve kat\u0131l\u0131m\u0131 ile ger\u00e7ekle\u015fmi\u015ftir.<\/p>\n[\/vc_column_text][\/vc_column_inner][\/vc_row_inner][\/vc_column][\/vc_row][vc_row thb_full_width=&#8221;true&#8221; thb_divider_position=&#8221;bottom&#8221; css=&#8221;.vc_custom_1634479779185{margin-top: 40px !important;}&#8221;][vc_column width=&#8221;5\/6&#8243;][vc_masonry_media_grid element_width=&#8221;6&#8243; gap=&#8221;35&#8243; grid_id=&#8221;vc_gid:1638904855649-296c5294-d137-7&#8243; include=&#8221;4165,4174,4144,4168,4150,4170,4148,4152,4138,4178,4182,4184&#8243;][\/vc_column][vc_column][\/vc_column][\/vc_row]\n","protected":false},"excerpt":{"rendered":"<p>[vc_row thb_full_width=&#8221;true&#8221; thb_divider_position=&#8221;bottom&#8221;][vc_column css=&#8221;.vc_custom_1634480201455{padding-left: 30px !important;}&#8221;][vc_wp_text] Sinop&#8217;un Nefesi, 2014-2015 [\/vc_wp_text][vc_wp_text el_class=&#8221;p-last-child&#8221;]Sinopale 5, \u201cK\u00fcmeler ve Kristaller: S\u0131f\u0131r Noktas\u0131nda G\u00f6zlem\u201d K\u00fcrat\u00f6r: T. Melih G\u00f6rg\u00fcn[\/vc_wp_text][vc_row_inner][vc_column_inner width=&#8221;1\/2&#8243;][\/vc_column_inner][vc_column_inner width=&#8221;1\/2&#8243;][vc_column_text] Sinopale 5 kapsam\u0131nda ba\u015flayan Sinop\u2019un Nefesi projesi, bir yandan \u015fehirde kaybolmu\u015f bir de\u011fer olan cam \u00fcfleme sanat\u0131n\u0131 g\u00fcndeme getirirken, di\u011fer yandan kat\u0131l\u0131mc\u0131lar\u0131 ortak ya\u015fam alanlar\u0131 \u00fczerine d\u00fc\u015f\u00fcnmeye ve birlikte hareket etmeye&hellip;<\/p>\n","protected":false},"author":6,"featured_media":4141,"comment_status":"closed","ping_status":"open","sticky":false,"template":"","format":"standard","meta":{"_acf_changed":false,"footnotes":""},"categories":[638],"tags":[763,772,827],"class_list":["post-5476","post","type-post","status-publish","format-standard","has-post-thumbnail","hentry","category-artwork-tr","tag-gungor-erdem-tr","tag-nil-ilkbasaran-tr","tag-sinopale5-tr"],"acf":[],"_links":{"self":[{"href":"https:\/\/sinopale8.org\/tr\/wp-json\/wp\/v2\/posts\/5476","targetHints":{"allow":["GET"]}}],"collection":[{"href":"https:\/\/sinopale8.org\/tr\/wp-json\/wp\/v2\/posts"}],"about":[{"href":"https:\/\/sinopale8.org\/tr\/wp-json\/wp\/v2\/types\/post"}],"author":[{"embeddable":true,"href":"https:\/\/sinopale8.org\/tr\/wp-json\/wp\/v2\/users\/6"}],"replies":[{"embeddable":true,"href":"https:\/\/sinopale8.org\/tr\/wp-json\/wp\/v2\/comments?post=5476"}],"version-history":[{"count":2,"href":"https:\/\/sinopale8.org\/tr\/wp-json\/wp\/v2\/posts\/5476\/revisions"}],"predecessor-version":[{"id":7902,"href":"https:\/\/sinopale8.org\/tr\/wp-json\/wp\/v2\/posts\/5476\/revisions\/7902"}],"wp:featuredmedia":[{"embeddable":true,"href":"https:\/\/sinopale8.org\/tr\/wp-json\/wp\/v2\/media\/4141"}],"wp:attachment":[{"href":"https:\/\/sinopale8.org\/tr\/wp-json\/wp\/v2\/media?parent=5476"}],"wp:term":[{"taxonomy":"category","embeddable":true,"href":"https:\/\/sinopale8.org\/tr\/wp-json\/wp\/v2\/categories?post=5476"},{"taxonomy":"post_tag","embeddable":true,"href":"https:\/\/sinopale8.org\/tr\/wp-json\/wp\/v2\/tags?post=5476"}],"curies":[{"name":"wp","href":"https:\/\/api.w.org\/{rel}","templated":true}]}}