{"id":5466,"date":"2021-11-14T23:41:05","date_gmt":"2021-11-14T20:41:05","guid":{"rendered":"https:\/\/sinopale8.org\/collecting-the-future-art-and-culture-in-urban-development\/"},"modified":"2022-01-25T16:46:02","modified_gmt":"2022-01-25T13:46:02","slug":"gelecegi-biriktirmek-kentsel-kalkinmada-kultur-ve-sanat","status":"publish","type":"post","link":"https:\/\/sinopale8.org\/tr\/gelecegi-biriktirmek-kentsel-kalkinmada-kultur-ve-sanat\/","title":{"rendered":"Gelece\u011fi Biriktirmek: Kentsel Kalk\u0131nmada K\u00fclt\u00fcr ve Sanat"},"content":{"rendered":"[vc_row thb_full_width=&#8221;true&#8221; thb_divider_position=&#8221;bottom&#8221;][vc_column css=&#8221;.vc_custom_1635444028814{padding-left: 30px !important;}&#8221;][vc_wp_text]\n<h2>Gelece\u011fi Biriktirmek: Kentsel Kalk\u0131nmada K\u00fclt\u00fcr ve Sanat<\/h2>\n[\/vc_wp_text][vc_wp_text el_class=&#8221;p-last-child&#8221;]\n[\/vc_wp_text][vc_row_inner][vc_column_inner width=&#8221;1\/2&#8243;][vc_column_text]<strong>Gelece\u011fi Biriktirmek: Kentsel Kalk\u0131nmada K\u00fclt\u00fcr ve Sanat<\/strong><\/p>\n<p><strong>Prod\u00fcksiyon: <\/strong>Avrupa K\u00fclt\u00fcr Derne\u011fi<\/p>\n<p><strong>Mekan:<\/strong> Sinop Tarihi Cezaevi<\/p>\n<p><strong>Destek\u00e7i:<\/strong> Avrupa Birli\u011fi<\/p>\n<p><strong>Sanat\u00e7\u0131lar:<\/strong> Michiel Van Iersel, Amie Dicke, Istvan Szakats, Francesco Urbano, Francesco Ragazzi,Johanna Reiner, Isabel Termini, Johannes Hoffman, Mircea Nicola, M\u00fcride Sun Aksan, Emre Koyuncuo\u011flu, \u00c7i\u011fdem Borucu, Ye\u015fim Dizdaro\u011flu, M\u00fcrteza Fidan, I\u015f\u0131n \u00d6nol[\/vc_column_text][\/vc_column_inner][vc_column_inner width=&#8221;1\/2&#8243;][vc_column_text]Gelece\u011fi Biriktirmek, Sinop&#8217;un var olan ve kaybolan de\u011ferlerini ortaya \u00e7\u0131karmay\u0131 ve kentlilerde bu de\u011ferleri k\u00fclt\u00fcr ve sanat yoluyla ya\u015fatma bilinci olu\u015fturmay\u0131 ama\u00e7layan projedir. T\u00fcrkiye ve Avrupa Birli\u011fi aras\u0131ndaki Sivil Toplum Diyalo\u011fu Hibe Program\u0131 taraf\u0131ndan desteklenmi\u015ftir. Avrupa&#8217;n\u0131n farkl\u0131 \u015fehirlerinden k\u00fclt\u00fcr organizasyonlar\u0131 ile ortakla\u015fa haz\u0131rlanan proje kapsam\u0131nda Kent Bulu\u015fmas\u0131, Kent Akademisi ve Kent Sergisi d\u00fczenlendi. Tarihi Cezaevi&#8217;nde Sinop&#8217;taki sivil inisiyatiflerin, \u00fcniversite ve kamu kurumlar\u0131ndan ki\u015filerin, T\u00fcrkiye&#8217;nin di\u011fer illerinden ve yurt d\u0131\u015f\u0131ndan ara\u015ft\u0131rmac\u0131lar\u0131n ve iyi uygulama \u00f6rneklerinin temsilcilerinin ve sanat\u00e7\u0131lar\u0131n bulu\u015ftu\u011fu \u201c\u015fehir i\u00e7in birlikte d\u00fc\u015f\u00fcnme\u201d platformu olu\u015fturuldu. Kentte bu ama\u00e7la ve bu \u00f6l\u00e7ekte yap\u0131lan ilk k\u00fclt\u00fcrel planlama \u00e7al\u0131\u015fmas\u0131d\u0131r.<\/p>\n<p>T\u00fcm etkinlik ayn\u0131 zamanda tarihi hapishanenin gelecekte bir k\u00fclt\u00fcr merkezi olarak nas\u0131l i\u015flev g\u00f6rmesi gerekti\u011finin canl\u0131 bir g\u00f6sterimiydi.[\/vc_column_text][\/vc_column_inner][\/vc_row_inner][\/vc_column][\/vc_row][vc_row thb_full_width=&#8221;true&#8221; thb_divider_position=&#8221;bottom&#8221; css=&#8221;.vc_custom_1634479779185{margin-top: 40px !important;}&#8221;][vc_column width=&#8221;5\/6&#8243;][vc_masonry_media_grid element_width=&#8221;6&#8243; gap=&#8221;35&#8243; grid_id=&#8221;vc_gid:1643118328022-b5173aea-ff6e-5&#8243; include=&#8221;4078,4080,7948,7950&#8243;][vc_video link=&#8221;https:\/\/www.youtube.com\/watch?v=viM1XxfBQgw&#8221;][\/vc_column][vc_column width=&#8221;1\/6&#8243;][\/vc_column][\/vc_row]\n","protected":false},"excerpt":{"rendered":"<p>[vc_row thb_full_width=&#8221;true&#8221; thb_divider_position=&#8221;bottom&#8221;][vc_column css=&#8221;.vc_custom_1635444028814{padding-left: 30px !important;}&#8221;][vc_wp_text] Gelece\u011fi Biriktirmek: Kentsel Kalk\u0131nmada K\u00fclt\u00fcr ve Sanat [\/vc_wp_text][vc_wp_text el_class=&#8221;p-last-child&#8221;] [\/vc_wp_text][vc_row_inner][vc_column_inner width=&#8221;1\/2&#8243;][vc_column_text]Gelece\u011fi Biriktirmek: Kentsel Kalk\u0131nmada K\u00fclt\u00fcr ve Sanat Prod\u00fcksiyon: Avrupa K\u00fclt\u00fcr Derne\u011fi Mekan: Sinop Tarihi Cezaevi Destek\u00e7i: Avrupa Birli\u011fi Sanat\u00e7\u0131lar: Michiel Van Iersel, Amie Dicke, Istvan Szakats, Francesco Urbano, Francesco Ragazzi,Johanna Reiner, Isabel Termini, Johannes Hoffman, Mircea Nicola, M\u00fcride Sun&hellip;<\/p>\n","protected":false},"author":3,"featured_media":4334,"comment_status":"closed","ping_status":"open","sticky":false,"template":"","format":"standard","meta":{"_acf_changed":false,"footnotes":""},"categories":[975],"tags":[742,791,711,974,738,739,787,743,736,731,792,793],"class_list":["post-5466","post","type-post","status-publish","format-standard","has-post-thumbnail","hentry","category-bienaller-arasi","tag-amie-dicke-tr","tag-cigdem-borucu-tr","tag-emre-koyuncuoglu-tr","tag-gelecegi-biriktirmek","tag-johanna-reiner-tr","tag-johannes-hoffmann-tr","tag-mahir-namur-tr","tag-michiel-van-iersel-tr","tag-mircea-nicola-tr","tag-muride-sun-aksan-tr","tag-rarita-zbranca-tr","tag-ruggero-lala-tr"],"acf":[],"_links":{"self":[{"href":"https:\/\/sinopale8.org\/tr\/wp-json\/wp\/v2\/posts\/5466","targetHints":{"allow":["GET"]}}],"collection":[{"href":"https:\/\/sinopale8.org\/tr\/wp-json\/wp\/v2\/posts"}],"about":[{"href":"https:\/\/sinopale8.org\/tr\/wp-json\/wp\/v2\/types\/post"}],"author":[{"embeddable":true,"href":"https:\/\/sinopale8.org\/tr\/wp-json\/wp\/v2\/users\/3"}],"replies":[{"embeddable":true,"href":"https:\/\/sinopale8.org\/tr\/wp-json\/wp\/v2\/comments?post=5466"}],"version-history":[{"count":5,"href":"https:\/\/sinopale8.org\/tr\/wp-json\/wp\/v2\/posts\/5466\/revisions"}],"predecessor-version":[{"id":8690,"href":"https:\/\/sinopale8.org\/tr\/wp-json\/wp\/v2\/posts\/5466\/revisions\/8690"}],"wp:featuredmedia":[{"embeddable":true,"href":"https:\/\/sinopale8.org\/tr\/wp-json\/wp\/v2\/media\/4334"}],"wp:attachment":[{"href":"https:\/\/sinopale8.org\/tr\/wp-json\/wp\/v2\/media?parent=5466"}],"wp:term":[{"taxonomy":"category","embeddable":true,"href":"https:\/\/sinopale8.org\/tr\/wp-json\/wp\/v2\/categories?post=5466"},{"taxonomy":"post_tag","embeddable":true,"href":"https:\/\/sinopale8.org\/tr\/wp-json\/wp\/v2\/tags?post=5466"}],"curies":[{"name":"wp","href":"https:\/\/api.w.org\/{rel}","templated":true}]}}