{"id":5462,"date":"2021-11-15T18:23:52","date_gmt":"2021-11-15T15:23:52","guid":{"rendered":"https:\/\/sinopale8.org\/save-the-future\/"},"modified":"2021-12-03T13:16:26","modified_gmt":"2021-12-03T10:16:26","slug":"save-the-future","status":"publish","type":"post","link":"https:\/\/sinopale8.org\/tr\/save-the-future\/","title":{"rendered":"Gelece\u011fi Kurtar"},"content":{"rendered":"[vc_row thb_full_width=&#8221;true&#8221; thb_divider_position=&#8221;bottom&#8221;][vc_column css=&#8221;.vc_custom_1634480201455{padding-left: 30px !important;}&#8221;][vc_wp_text]\n<h2><strong><b>Gelece\u011fi Kurtar, 2019<\/b><\/strong><\/h2>\n<p>Nil \u0130lkba\u015faran &amp; G\u00fcng\u00f6r Erdem[\/vc_wp_text][vc_wp_text el_class=&#8221;p-last-child&#8221;]Sinopale 7, \u201cBurada ve Nerede \/ Bir Konum Politikas\u0131\u201d<br \/>\nK\u00fcrat\u00f6r: Asl\u0131 Serbest &amp; Mona Mahall[\/vc_wp_text][vc_row_inner][vc_column_inner width=&#8221;1\/2&#8243;][\/vc_column_inner][vc_column_inner width=&#8221;1\/2&#8243;][vc_column_text]\n<div>\n<div>\n<p>Di\u011fer t\u00fcm canl\u0131lar\u0131 insanl\u0131k nam\u0131na kullanan antroposen d\u00fc\u015f\u00fcncesi, Bat\u0131&#8217;da bal ar\u0131s\u0131 olarak bilinen Apis Melliferra ile birlikte bir\u00e7ok polen ta\u015f\u0131y\u0131c\u0131 t\u00fcr\u00fcn yok olmas\u0131na yol a\u00e7an bir\u00e7ok uygulamay\u0131 da beraberinde getirmi\u015ftir.<\/p>\n<div>\n<div><\/div>\n<div>Gelece\u011fi Kurtar at\u00f6lyesi, ekolojik dengenin bozulmas\u0131n\u0131n sonu\u00e7lar\u0131 ve daha iyi bir gelece\u011fi nas\u0131l in\u015fa edebilece\u011fimiz konusunda gen\u00e7 nesli bilgilendirmeyi ama\u00e7l\u0131yor.<\/div>\n<div><\/div>\n<div>Sinopale 7 kapsam\u0131nda \u00e7ocuklar ve aileleri i\u00e7in \u00fc\u00e7 g\u00fcnl\u00fck bir at\u00f6lye \u00e7al\u0131\u015fmas\u0131 d\u00fczenlendi. Ar\u0131lar\u0131n hikayesi bizi yerel ve k\u00fcresel olarak soyu tehdit alt\u0131ndaki biyolojik \u00e7e\u015fitlilik ve de\u011fi\u015fim i\u00e7in alabilece\u011fimiz ad\u0131mlar hakk\u0131nda bilgilendirmeye y\u00f6nlendiriyor.<\/div>\n<div><\/div>\n<div>Hal verandas\u0131nda ilk g\u00fcn biyo\u00e7e\u015fitlilik ile su ve enerji kaynaklar\u0131n\u0131n kullan\u0131m\u0131, plastik kullan\u0131m\u0131 vb. uygulamalar hakk\u0131nda sunumlar ve s\u00f6yle\u015filer yap\u0131ld\u0131.<\/div>\n<div><\/div>\n<div>\u0130kinci g\u00fcn Sinop&#8217;un Gerze il\u00e7esinde Cengizhan Kaptan&#8217;\u0131n organik \u00e7iftli\u011fini ziyaret etmek i\u00e7in bir gezi d\u00fczenlendi. Bu gezi, kat\u0131l\u0131mc\u0131lar\u0131 kendi kendine yeten, s\u00fcrd\u00fcr\u00fclebilir bir organik bah\u00e7e ile tan\u0131\u015ft\u0131rd\u0131. Burada Gerze kasabas\u0131n\u0131n yerli \u00e7ocuklar\u0131 da kat\u0131ld\u0131.<\/div>\n<div><\/div>\n<div>Son g\u00fcn ise kat\u0131l\u0131mc\u0131lar, \u015fehrin farkl\u0131 noktalar\u0131na karton veya tekstil \u00fczerine afi\u015fler ast\u0131lar.<\/div>\n<\/div>\n<\/div>\n<\/div>\n<p><a href=\"https:\/\/ariaskina.org\/\" target=\"_blank\" rel=\"noopener\">https:\/\/ariaskina.org\/<\/a><\/p>\n<p><a href=\"https:\/\/www.nililkbasaran.com\/\" target=\"_blank\" rel=\"noopener\">https:\/\/www.nililkbasaran.com\/<\/a>[\/vc_column_text][\/vc_column_inner][\/vc_row_inner][\/vc_column][\/vc_row][vc_row thb_full_width=&#8221;true&#8221; thb_divider_position=&#8221;bottom&#8221; css=&#8221;.vc_custom_1634479779185{margin-top: 40px !important;}&#8221;][vc_column width=&#8221;5\/6&#8243;][vc_masonry_media_grid element_width=&#8221;6&#8243; gap=&#8221;35&#8243; grid_id=&#8221;vc_gid:1638526554310-008a2909-20d8-6&#8243; include=&#8221;2382,2387,2384,2389&#8243;][\/vc_column][vc_column width=&#8221;1\/6&#8243;][\/vc_column][vc_column][\/vc_column][\/vc_row]\n","protected":false},"excerpt":{"rendered":"<p>[vc_row thb_full_width=&#8221;true&#8221; thb_divider_position=&#8221;bottom&#8221;][vc_column css=&#8221;.vc_custom_1634480201455{padding-left: 30px !important;}&#8221;][vc_wp_text] Gelece\u011fi Kurtar, 2019 Nil \u0130lkba\u015faran &amp; G\u00fcng\u00f6r Erdem[\/vc_wp_text][vc_wp_text el_class=&#8221;p-last-child&#8221;]Sinopale 7, \u201cBurada ve Nerede \/ Bir Konum Politikas\u0131\u201d K\u00fcrat\u00f6r: Asl\u0131 Serbest &amp; Mona Mahall[\/vc_wp_text][vc_row_inner][vc_column_inner width=&#8221;1\/2&#8243;][\/vc_column_inner][vc_column_inner width=&#8221;1\/2&#8243;][vc_column_text] Di\u011fer t\u00fcm canl\u0131lar\u0131 insanl\u0131k nam\u0131na kullanan antroposen d\u00fc\u015f\u00fcncesi, Bat\u0131&#8217;da bal ar\u0131s\u0131 olarak bilinen Apis Melliferra ile birlikte bir\u00e7ok polen ta\u015f\u0131y\u0131c\u0131 t\u00fcr\u00fcn yok olmas\u0131na yol&hellip;<\/p>\n","protected":false},"author":1,"featured_media":4269,"comment_status":"closed","ping_status":"open","sticky":false,"template":"","format":"standard","meta":{"_acf_changed":false,"footnotes":""},"categories":[964],"tags":[619,763,772,621],"class_list":["post-5462","post","type-post","status-publish","format-standard","has-post-thumbnail","hentry","category-atolye","tag-asli-serbest-mona-mahall-tr","tag-gungor-erdem-tr","tag-nil-ilkbasaran-tr","tag-sinopale7-tr"],"acf":[],"_links":{"self":[{"href":"https:\/\/sinopale8.org\/tr\/wp-json\/wp\/v2\/posts\/5462","targetHints":{"allow":["GET"]}}],"collection":[{"href":"https:\/\/sinopale8.org\/tr\/wp-json\/wp\/v2\/posts"}],"about":[{"href":"https:\/\/sinopale8.org\/tr\/wp-json\/wp\/v2\/types\/post"}],"author":[{"embeddable":true,"href":"https:\/\/sinopale8.org\/tr\/wp-json\/wp\/v2\/users\/1"}],"replies":[{"embeddable":true,"href":"https:\/\/sinopale8.org\/tr\/wp-json\/wp\/v2\/comments?post=5462"}],"version-history":[{"count":5,"href":"https:\/\/sinopale8.org\/tr\/wp-json\/wp\/v2\/posts\/5462\/revisions"}],"predecessor-version":[{"id":6011,"href":"https:\/\/sinopale8.org\/tr\/wp-json\/wp\/v2\/posts\/5462\/revisions\/6011"}],"wp:featuredmedia":[{"embeddable":true,"href":"https:\/\/sinopale8.org\/tr\/wp-json\/wp\/v2\/media\/4269"}],"wp:attachment":[{"href":"https:\/\/sinopale8.org\/tr\/wp-json\/wp\/v2\/media?parent=5462"}],"wp:term":[{"taxonomy":"category","embeddable":true,"href":"https:\/\/sinopale8.org\/tr\/wp-json\/wp\/v2\/categories?post=5462"},{"taxonomy":"post_tag","embeddable":true,"href":"https:\/\/sinopale8.org\/tr\/wp-json\/wp\/v2\/tags?post=5462"}],"curies":[{"name":"wp","href":"https:\/\/api.w.org\/{rel}","templated":true}]}}