{"id":5423,"date":"2021-11-19T15:14:47","date_gmt":"2021-11-19T12:14:47","guid":{"rendered":"https:\/\/sinopale8.org\/a-little-out-of-my-sunshine\/"},"modified":"2021-12-08T16:01:32","modified_gmt":"2021-12-08T13:01:32","slug":"a-little-out-of-my-sunshine","status":"publish","type":"post","link":"https:\/\/sinopale8.org\/tr\/a-little-out-of-my-sunshine\/","title":{"rendered":"G\u00fcn I\u015f\u0131\u011f\u0131m\u0131z\u0131n Biraz D\u0131\u015f\u0131nda"},"content":{"rendered":"[vc_row thb_full_width=&#8221;true&#8221; thb_divider_position=&#8221;bottom&#8221;][vc_column css=&#8221;.vc_custom_1634480201455{padding-left: 30px !important;}&#8221;][vc_wp_text]\n<h2>G\u00fcn I\u015f\u0131\u011f\u0131m\u0131z\u0131n Biraz D\u0131\u015f\u0131nda, 2011<\/h2>\n<p>Francesco Ragazzi, Francesco Urbano[\/vc_wp_text][vc_wp_text el_class=&#8221;p-last-child&#8221;]Gelece\u011fi Biriktirmek &#8220;Kent Sergisi&#8221;<\/p>\n<p>Canset Akay, Bilge G\u00fcne\u015f, Derya Akkaya, Cem Sara\u00e7, Cem Y\u0131lmaz, \u00c7a\u011fatay \u015eim\u015fek&#8217;in katk\u0131lar\u0131yla[\/vc_wp_text][vc_row_inner][vc_column_inner width=&#8221;1\/2&#8243;][\/vc_column_inner][vc_column_inner width=&#8221;1\/2&#8243;][vc_column_text]\u0130talyan sanat\u00e7\u0131lar Urbano ve Ragazzi, Sinop&#8217;a hediye vermek amac\u0131yla Sabina Grasso&#8217;nun \u201cGece Yar\u0131s\u0131 \u015eekeri\u201d serisinden dijital bir bask\u0131 (180cmx150cm) alarak bu bask\u0131y\u0131 insanlar\u0131n \u00f6n\u00fcnde ger\u00e7ekle\u015fen bir performansla Sinop Cezaevi&#8217;ne ta\u015f\u0131d\u0131. Parlak bir ka\u011f\u0131tla kapl\u0131, gen\u00e7lerin yard\u0131m\u0131yla hacimli ve gizemli bir nesne ta\u015f\u0131nd\u0131. Nereye gideceklerine ve bize ne g\u00f6stereceklerine gen\u00e7ler karar verdiler. Grubun her \u00fcyesi be\u011fendi\u011fi bir yer se\u00e7mi\u015f, b\u00f6ylece bir nevi k\u00fc\u00e7\u00fck bir \u015fehir turu olu\u015ftu. \u0130\u015flem s\u0131ras\u0131nda foto\u011fraflar \u00e7ekildi ve parlak metal kartpostallara yerle\u015ftirildi. Kartpostallar Sinop cezaevinin i\u00e7ine rastgele, birdenbire kar\u015f\u0131la\u015f\u0131lan, \u00f6zellikle de fark etmedi\u011fimiz yerlere yerle\u015ftirildi. Bu projenin amac\u0131, o zamanlar hissetti\u011fimiz, \u015fimdi s\u00f6nm\u00fc\u015f olan par\u0131lt\u0131y\u0131 hat\u0131rlamakt\u0131r.<\/p>\n<p>&nbsp;<\/p>\n<p><a href=\"https:\/\/www.ffur.eu\/\">https:\/\/www.ffur.eu\/<\/a>[\/vc_column_text][\/vc_column_inner][\/vc_row_inner][\/vc_column][\/vc_row][vc_row thb_full_width=&#8221;true&#8221; thb_divider_position=&#8221;bottom&#8221; css=&#8221;.vc_custom_1634479779185{margin-top: 40px !important;}&#8221;][vc_column width=&#8221;5\/6&#8243;][vc_masonry_media_grid element_width=&#8221;6&#8243; gap=&#8221;35&#8243; grid_id=&#8221;vc_gid:1638968472521-0b4284aa-23f1-9&#8243; include=&#8221;4712,4714,4716,4718&#8243;][\/vc_column][vc_column width=&#8221;1\/6&#8243;][\/vc_column][vc_column][\/vc_column][\/vc_row]\n","protected":false},"excerpt":{"rendered":"<p>[vc_row thb_full_width=&#8221;true&#8221; thb_divider_position=&#8221;bottom&#8221;][vc_column css=&#8221;.vc_custom_1634480201455{padding-left: 30px !important;}&#8221;][vc_wp_text] G\u00fcn I\u015f\u0131\u011f\u0131m\u0131z\u0131n Biraz D\u0131\u015f\u0131nda, 2011 Francesco Ragazzi, Francesco Urbano[\/vc_wp_text][vc_wp_text el_class=&#8221;p-last-child&#8221;]Gelece\u011fi Biriktirmek &#8220;Kent Sergisi&#8221; Canset Akay, Bilge G\u00fcne\u015f, Derya Akkaya, Cem Sara\u00e7, Cem Y\u0131lmaz, \u00c7a\u011fatay \u015eim\u015fek&#8217;in katk\u0131lar\u0131yla[\/vc_wp_text][vc_row_inner][vc_column_inner width=&#8221;1\/2&#8243;][\/vc_column_inner][vc_column_inner width=&#8221;1\/2&#8243;][vc_column_text]\u0130talyan sanat\u00e7\u0131lar Urbano ve Ragazzi, Sinop&#8217;a hediye vermek amac\u0131yla Sabina Grasso&#8217;nun \u201cGece Yar\u0131s\u0131 \u015eekeri\u201d serisinden dijital bir bask\u0131 (180cmx150cm) alarak bu bask\u0131y\u0131&hellip;<\/p>\n","protected":false},"author":3,"featured_media":4721,"comment_status":"closed","ping_status":"open","sticky":false,"template":"","format":"standard","meta":{"_acf_changed":false,"footnotes":""},"categories":[975,966],"tags":[740,858,974],"class_list":["post-5423","post","type-post","status-publish","format-standard","has-post-thumbnail","hentry","category-bienaller-arasi","category-sanat-eseri","tag-francesco-ragazzi-tr","tag-francesco-urbano-tr","tag-gelecegi-biriktirmek"],"acf":[],"_links":{"self":[{"href":"https:\/\/sinopale8.org\/tr\/wp-json\/wp\/v2\/posts\/5423","targetHints":{"allow":["GET"]}}],"collection":[{"href":"https:\/\/sinopale8.org\/tr\/wp-json\/wp\/v2\/posts"}],"about":[{"href":"https:\/\/sinopale8.org\/tr\/wp-json\/wp\/v2\/types\/post"}],"author":[{"embeddable":true,"href":"https:\/\/sinopale8.org\/tr\/wp-json\/wp\/v2\/users\/3"}],"replies":[{"embeddable":true,"href":"https:\/\/sinopale8.org\/tr\/wp-json\/wp\/v2\/comments?post=5423"}],"version-history":[{"count":4,"href":"https:\/\/sinopale8.org\/tr\/wp-json\/wp\/v2\/posts\/5423\/revisions"}],"predecessor-version":[{"id":7999,"href":"https:\/\/sinopale8.org\/tr\/wp-json\/wp\/v2\/posts\/5423\/revisions\/7999"}],"wp:featuredmedia":[{"embeddable":true,"href":"https:\/\/sinopale8.org\/tr\/wp-json\/wp\/v2\/media\/4721"}],"wp:attachment":[{"href":"https:\/\/sinopale8.org\/tr\/wp-json\/wp\/v2\/media?parent=5423"}],"wp:term":[{"taxonomy":"category","embeddable":true,"href":"https:\/\/sinopale8.org\/tr\/wp-json\/wp\/v2\/categories?post=5423"},{"taxonomy":"post_tag","embeddable":true,"href":"https:\/\/sinopale8.org\/tr\/wp-json\/wp\/v2\/tags?post=5423"}],"curies":[{"name":"wp","href":"https:\/\/api.w.org\/{rel}","templated":true}]}}