{"id":5410,"date":"2021-11-24T02:56:53","date_gmt":"2021-11-23T23:56:53","guid":{"rendered":"https:\/\/sinopale8.org\/prisoner-of-love\/"},"modified":"2021-12-03T13:02:17","modified_gmt":"2021-12-03T10:02:17","slug":"prisoner-of-love","status":"publish","type":"post","link":"https:\/\/sinopale8.org\/tr\/prisoner-of-love\/","title":{"rendered":"Sevdal\u0131 Tutsak"},"content":{"rendered":"[vc_row thb_full_width=&#8221;true&#8221; thb_divider_position=&#8221;bottom&#8221;][vc_column css=&#8221;.vc_custom_1634480201455{padding-left: 30px !important;}&#8221;][vc_wp_text]\n<h2><strong><b>Sevdal\u0131 Tutsak, 2019<\/b><\/strong><\/h2>\n<p>\u00d6v\u00fcl \u00d6. Durmu\u015fo\u011flu[\/vc_wp_text][vc_wp_text el_class=&#8221;p-last-child&#8221;]Sinopale 7, \u201cBurada ve Nerede \/ Bir Konum Politikas\u0131\u201d<br \/>\nK\u00fcrat\u00f6r: Asl\u0131 Serbest &amp; Mona Mahall[\/vc_wp_text][vc_row_inner][vc_column_inner width=&#8221;1\/2&#8243;][\/vc_column_inner][vc_column_inner width=&#8221;1\/2&#8243;][vc_column_text]<span title=\"\u00d6v\u00fcl \u00d6. Durmusoglu\">\u00d6v\u00fcl \u00d6. Durmu\u015fo\u011flu\u00a0<\/span>Jean Genet\u2019in \u201cSevdal\u0131 Tutsak\u201d kitab\u0131 ile, Frans\u0131z yazar, \u015fair ve politik aktivistin \u00dcrd\u00fcn&#8217;deki Filistin m\u00fclteci kamplar\u0131nda ge\u00e7irdi\u011fi zaman ile ilgili bir okuma seans\u0131 d\u00fczenledi.<\/p>\n<div>\n<p>&#8220;Yirminci y\u00fczy\u0131l yaz\u0131n\u0131n\u0131n asi ve anar\u015fist fig\u00fcrlerinden Jean Genet kendi \u00f6zya\u015fam\u0131ndan yola \u00e7\u0131karak yeralt\u0131 d\u00fcnyas\u0131n\u0131 betimledi\u011fi romanlar\u0131yla tan\u0131nd\u0131. 1984\u2019te Filistinlilerin Sabra ve Shatilla\u2019da ya\u015fad\u0131\u011f\u0131 katliam\u0131n ilk g\u00f6rg\u00fc tan\u0131klar\u0131ndan olmak ona yazmamaya dair verdi\u011fi yirmi y\u0131ll\u0131k s\u00f6z\u00fc bozdurdu. \u00d6lmeden \u00f6nce tamamlad\u0131\u011f\u0131 ama yay\u0131nland\u0131\u011f\u0131n\u0131 g\u00f6rmedi\u011fi <em>Sevdal\u0131 Tutsak<\/em>\u2019ta kendine \u00f6zg\u00fc sorgulay\u0131c\u0131 \u015fiirselli\u011fiyle 1970 ve 1984 y\u0131llar\u0131 aras\u0131nda Filistinli fedailer ve Kara Panterlerle ge\u00e7irdi\u011fi d\u00f6nemi anlat\u0131yor. <em>Sevdal\u0131 Tutsak<\/em> Filistinlilerin Kuzey \u00dcrd\u00fcn ormanlar\u0131nda a\u00e7t\u0131\u011f\u0131 barikatlardan d\u00fcnyaya a\u00e7\u0131lan bir duru\u015fla insanl\u0131\u011f\u0131, politikay\u0131, anti-kolonyal m\u00fccadeleyi anlat\u0131yor. Bug\u00fcn <em>Sevdal\u0131 Tutsak<\/em>\u2019\u0131 okumak d\u00fcnyan\u0131n i\u00e7inden ge\u00e7ti\u011fi sert politik s\u00fcre\u00e7te yard\u0131mc\u0131 olacak unutulmu\u015f\/unutturulmu\u015f \u00f6nemli fikir ve kelimelerle ili\u015fkimizi tazeliyor.&#8221;<br \/>\n<span title=\"\u00d6v\u00fcl \u00d6. Durmusoglu\">\u00d6v\u00fcl \u00d6. Durmu\u015fo\u011flu<\/span><\/p>\n<\/div>\n[\/vc_column_text][\/vc_column_inner][\/vc_row_inner][\/vc_column][\/vc_row][vc_row thb_full_width=&#8221;true&#8221; thb_divider_position=&#8221;bottom&#8221; css=&#8221;.vc_custom_1634479779185{margin-top: 40px !important;}&#8221;][vc_column width=&#8221;5\/6&#8243;][vc_masonry_media_grid element_width=&#8221;6&#8243; gap=&#8221;35&#8243; grid_id=&#8221;vc_gid:1638525715314-2bfbd6f0-614e-5&#8243; include=&#8221;2370,2365,2367&#8243;][\/vc_column][vc_column width=&#8221;1\/6&#8243;][\/vc_column][vc_column][\/vc_column][\/vc_row]\n","protected":false},"excerpt":{"rendered":"<p>[vc_row thb_full_width=&#8221;true&#8221; thb_divider_position=&#8221;bottom&#8221;][vc_column css=&#8221;.vc_custom_1634480201455{padding-left: 30px !important;}&#8221;][vc_wp_text] Sevdal\u0131 Tutsak, 2019 \u00d6v\u00fcl \u00d6. Durmu\u015fo\u011flu[\/vc_wp_text][vc_wp_text el_class=&#8221;p-last-child&#8221;]Sinopale 7, \u201cBurada ve Nerede \/ Bir Konum Politikas\u0131\u201d K\u00fcrat\u00f6r: Asl\u0131 Serbest &amp; Mona Mahall[\/vc_wp_text][vc_row_inner][vc_column_inner width=&#8221;1\/2&#8243;][\/vc_column_inner][vc_column_inner width=&#8221;1\/2&#8243;][vc_column_text]\u00d6v\u00fcl \u00d6. Durmu\u015fo\u011flu\u00a0Jean Genet\u2019in \u201cSevdal\u0131 Tutsak\u201d kitab\u0131 ile, Frans\u0131z yazar, \u015fair ve politik aktivistin \u00dcrd\u00fcn&#8217;deki Filistin m\u00fclteci kamplar\u0131nda ge\u00e7irdi\u011fi zaman ile ilgili bir okuma seans\u0131 d\u00fczenledi. &#8220;Yirminci&hellip;<\/p>\n","protected":false},"author":4,"featured_media":2364,"comment_status":"closed","ping_status":"open","sticky":false,"template":"","format":"standard","meta":{"_acf_changed":false,"footnotes":""},"categories":[964],"tags":[619,733,621],"class_list":["post-5410","post","type-post","status-publish","format-standard","has-post-thumbnail","hentry","category-atolye","tag-asli-serbest-mona-mahall-tr","tag-ovul-o-durmusoglu-tr","tag-sinopale7-tr"],"acf":[],"_links":{"self":[{"href":"https:\/\/sinopale8.org\/tr\/wp-json\/wp\/v2\/posts\/5410","targetHints":{"allow":["GET"]}}],"collection":[{"href":"https:\/\/sinopale8.org\/tr\/wp-json\/wp\/v2\/posts"}],"about":[{"href":"https:\/\/sinopale8.org\/tr\/wp-json\/wp\/v2\/types\/post"}],"author":[{"embeddable":true,"href":"https:\/\/sinopale8.org\/tr\/wp-json\/wp\/v2\/users\/4"}],"replies":[{"embeddable":true,"href":"https:\/\/sinopale8.org\/tr\/wp-json\/wp\/v2\/comments?post=5410"}],"version-history":[{"count":4,"href":"https:\/\/sinopale8.org\/tr\/wp-json\/wp\/v2\/posts\/5410\/revisions"}],"predecessor-version":[{"id":6000,"href":"https:\/\/sinopale8.org\/tr\/wp-json\/wp\/v2\/posts\/5410\/revisions\/6000"}],"wp:featuredmedia":[{"embeddable":true,"href":"https:\/\/sinopale8.org\/tr\/wp-json\/wp\/v2\/media\/2364"}],"wp:attachment":[{"href":"https:\/\/sinopale8.org\/tr\/wp-json\/wp\/v2\/media?parent=5410"}],"wp:term":[{"taxonomy":"category","embeddable":true,"href":"https:\/\/sinopale8.org\/tr\/wp-json\/wp\/v2\/categories?post=5410"},{"taxonomy":"post_tag","embeddable":true,"href":"https:\/\/sinopale8.org\/tr\/wp-json\/wp\/v2\/tags?post=5410"}],"curies":[{"name":"wp","href":"https:\/\/api.w.org\/{rel}","templated":true}]}}