{"id":5408,"date":"2021-11-24T11:56:23","date_gmt":"2021-11-24T08:56:23","guid":{"rendered":"https:\/\/sinopale8.org\/body-space-and-rhythm\/"},"modified":"2021-12-08T00:21:09","modified_gmt":"2021-12-07T21:21:09","slug":"beden-mekan-ve-ritim","status":"publish","type":"post","link":"https:\/\/sinopale8.org\/tr\/beden-mekan-ve-ritim\/","title":{"rendered":"Beden, Mekan ve Ritim"},"content":{"rendered":"[vc_row thb_full_width=&#8221;true&#8221; thb_divider_position=&#8221;bottom&#8221;][vc_column css=&#8221;.vc_custom_1634480201455{padding-left: 30px !important;}&#8221;][vc_wp_text]\n<h2>Beden, Mekan ve Ritim, 2011<\/h2>\n<p>M\u00fcride Sun Aksan[\/vc_wp_text][vc_wp_text el_class=&#8221;p-last-child&#8221;]Gelece\u011fi Biriktirmek &#8220;Kent Sergisi&#8221;<\/p>\n<p>&nbsp;<\/p>\n<p>Y\u0131ld\u0131ray K\u00fc\u00e7\u00fck, Y\u0131lmaz K\u00fc\u00e7\u00fck, Damla Ekiz, Bar\u0131\u015f Yavuz,<br \/>\nDuygu Gider, P\u0131nar Eti\u015f, Yasemin S\u00f6nmez, \u0130pek \u00c7etin,<br \/>\nEzgi Nur Ka\u00e7al, Metin Bal, Alican Altunta\u015f, Erim Alptekin \u00dcnsu,<br \/>\nSad\u0131k Ku\u015f\u00fcz\u00fcm\u00fc, M\u00fczeyyen Ku\u015f\u00fcz\u00fcm\u00fc, Ayten Gezgin,<br \/>\nSerdar \u00c7elik i\u015fbirli\u011fi ile ger\u00e7ekle\u015ftirilmi\u015ftir[\/vc_wp_text][vc_row_inner][vc_column_inner width=&#8221;1\/2&#8243;][\/vc_column_inner][vc_column_inner width=&#8221;1\/2&#8243;][vc_column_text]G\u00fcnl\u00fck hayat\u0131m\u0131zda kendimize nas\u0131l bakar\u0131z? Hareket olgusunu nas\u0131l ele almal\u0131y\u0131z? Beden ve hareket b\u00fct\u00fcnl\u00fc\u011f\u00fcnde ritimsel esaslar \u00fczerinde kurgulanan yeni hareket alanlar\u0131nda, akademik bir e\u011fitim s\u00fcrecinden ge\u00e7memi\u015f insan bedenleri nas\u0131l y\u00f6nlendirilir? Sinop\u2019a ait yerel motiflerin (seslerin, halk danslar\u0131n\u0131n) kullan\u0131ld\u0131\u011f\u0131 bu performans insan\u0131n ilk hareket ediminden Sinop\u2019a ba\u011flanan bir b\u00fct\u00fcn kompozisyon ba\u011flam\u0131nda \u201cdans\u201d\u0131 da ele al\u0131yor&#8230;[\/vc_column_text][\/vc_column_inner][\/vc_row_inner][\/vc_column][\/vc_row][vc_row thb_full_width=&#8221;true&#8221; thb_divider_position=&#8221;bottom&#8221; css=&#8221;.vc_custom_1634479779185{margin-top: 40px !important;}&#8221;][vc_column width=&#8221;5\/6&#8243;][vc_masonry_media_grid element_width=&#8221;6&#8243; gap=&#8221;35&#8243; grid_id=&#8221;vc_gid:1638912045625-76f2ec57-3e0a-5&#8243; include=&#8221;4875,4877,4879,4881&#8243;][\/vc_column][vc_column width=&#8221;1\/6&#8243;][\/vc_column][vc_column][\/vc_column][\/vc_row]\n","protected":false},"excerpt":{"rendered":"<p>[vc_row thb_full_width=&#8221;true&#8221; thb_divider_position=&#8221;bottom&#8221;][vc_column css=&#8221;.vc_custom_1634480201455{padding-left: 30px !important;}&#8221;][vc_wp_text] Beden, Mekan ve Ritim, 2011 M\u00fcride Sun Aksan[\/vc_wp_text][vc_wp_text el_class=&#8221;p-last-child&#8221;]Gelece\u011fi Biriktirmek &#8220;Kent Sergisi&#8221; &nbsp; Y\u0131ld\u0131ray K\u00fc\u00e7\u00fck, Y\u0131lmaz K\u00fc\u00e7\u00fck, Damla Ekiz, Bar\u0131\u015f Yavuz, Duygu Gider, P\u0131nar Eti\u015f, Yasemin S\u00f6nmez, \u0130pek \u00c7etin, Ezgi Nur Ka\u00e7al, Metin Bal, Alican Altunta\u015f, Erim Alptekin \u00dcnsu, Sad\u0131k Ku\u015f\u00fcz\u00fcm\u00fc, M\u00fczeyyen Ku\u015f\u00fcz\u00fcm\u00fc, Ayten Gezgin, Serdar \u00c7elik i\u015fbirli\u011fi ile&hellip;<\/p>\n","protected":false},"author":3,"featured_media":4884,"comment_status":"closed","ping_status":"open","sticky":false,"template":"","format":"standard","meta":{"_acf_changed":false,"footnotes":""},"categories":[965],"tags":[974,731],"class_list":["post-5408","post","type-post","status-publish","format-standard","has-post-thumbnail","hentry","category-performans","tag-gelecegi-biriktirmek","tag-muride-sun-aksan-tr"],"acf":[],"_links":{"self":[{"href":"https:\/\/sinopale8.org\/tr\/wp-json\/wp\/v2\/posts\/5408","targetHints":{"allow":["GET"]}}],"collection":[{"href":"https:\/\/sinopale8.org\/tr\/wp-json\/wp\/v2\/posts"}],"about":[{"href":"https:\/\/sinopale8.org\/tr\/wp-json\/wp\/v2\/types\/post"}],"author":[{"embeddable":true,"href":"https:\/\/sinopale8.org\/tr\/wp-json\/wp\/v2\/users\/3"}],"replies":[{"embeddable":true,"href":"https:\/\/sinopale8.org\/tr\/wp-json\/wp\/v2\/comments?post=5408"}],"version-history":[{"count":3,"href":"https:\/\/sinopale8.org\/tr\/wp-json\/wp\/v2\/posts\/5408\/revisions"}],"predecessor-version":[{"id":7653,"href":"https:\/\/sinopale8.org\/tr\/wp-json\/wp\/v2\/posts\/5408\/revisions\/7653"}],"wp:featuredmedia":[{"embeddable":true,"href":"https:\/\/sinopale8.org\/tr\/wp-json\/wp\/v2\/media\/4884"}],"wp:attachment":[{"href":"https:\/\/sinopale8.org\/tr\/wp-json\/wp\/v2\/media?parent=5408"}],"wp:term":[{"taxonomy":"category","embeddable":true,"href":"https:\/\/sinopale8.org\/tr\/wp-json\/wp\/v2\/categories?post=5408"},{"taxonomy":"post_tag","embeddable":true,"href":"https:\/\/sinopale8.org\/tr\/wp-json\/wp\/v2\/tags?post=5408"}],"curies":[{"name":"wp","href":"https:\/\/api.w.org\/{rel}","templated":true}]}}