{"id":5396,"date":"2021-11-26T17:20:58","date_gmt":"2021-11-26T14:20:58","guid":{"rendered":"https:\/\/sinopale8.org\/construction\/"},"modified":"2021-12-08T02:10:52","modified_gmt":"2021-12-07T23:10:52","slug":"construction","status":"publish","type":"post","link":"https:\/\/sinopale8.org\/tr\/construction\/","title":{"rendered":"\u0130n\u015faat"},"content":{"rendered":"[vc_row thb_full_width=&#8221;true&#8221; thb_divider_position=&#8221;bottom&#8221;][vc_column css=&#8221;.vc_custom_1634480201455{padding-left: 30px !important;}&#8221;][vc_wp_text]\n<h2><strong><b>\u0130n\u015faat, 2019<\/b><\/strong><\/h2>\n<p>Ana Filipovic &amp; Philipp Mecke[\/vc_wp_text][vc_wp_text el_class=&#8221;p-last-child&#8221;]Sinopale 7, \u201cBurada ve Nerede \/ Bir Konum Politikas\u0131\u201d<br \/>\nK\u00fcrat\u00f6r: Asl\u0131 Serbest &amp; Mona Mahall[\/vc_wp_text][vc_row_inner][vc_column_inner width=&#8221;1\/2&#8243;][\/vc_column_inner][vc_column_inner width=&#8221;1\/2&#8243;][vc_column_text]\n<div class=\"row one-col-row\">\n<div class=\"row-inner\">\n<div class=\"column-wrap\">\n<div id=\"\" class=\" no-parallax no-offset col push-0 span-7 align-top\" data-type=\"text\" data-yvel=\"1\">\n<div class=\"text lay-textformat-parent \">\n<p>Kentsel alanlarda ge\u00e7ici ancak uzun s\u00fcreli olu\u015fumlar olan in\u015faat b\u00f6lgeleri, hem \u00fcretim hem de performans alanlar\u0131d\u0131r. \u0130n\u015faat, karma\u015f\u0131k bir dizi d\u00fczenleme, planlama ve finansmana dayan\u0131rken, kolektif bilinci en sa\u011flam haliyle somutla\u015ft\u0131r\u0131r. T\u00fcm yap\u0131 malzemeleri &#8211; \u00fcretim ekonomisi, ak\u0131\u015flar\u0131 veya onu kurmak i\u00e7in gereken emek &#8211; politik failli\u011finin merce\u011finden incelenebilir. Ayn\u0131 zamanda, in\u015faat\u0131n do\u011fas\u0131nda bulunan tekrarlayan sesler ve eylemler, i\u015f ba\u015f\u0131ndaki ekonomik g\u00fc\u00e7ler taraf\u0131ndan y\u00f6nlendirilen kentsel koreografiler olarak g\u00f6r\u00fclebilir.<\/p>\n<\/div>\n<\/div>\n<\/div>\n<\/div>\n<\/div>\n<div class=\"row\">\n<div class=\"row-inner\">\n<div class=\"column-wrap\">\n<div id=\"\" class=\" no-parallax no-offset col push-0 span-7 align-top\" data-type=\"text\" data-yvel=\"1\">\n<div class=\"text lay-textformat-parent \">\n<p><em>\u0130n\u015faat<\/em>, Sinop genelindeki \u015fantiye d\u00fcnyas\u0131na bir dal\u0131\u015f ve bu in\u015faatlara ait eserler ve anlat\u0131lar toplulu\u011fudur. Bir yandan materyal d\u00fcnya anlay\u0131\u015f\u0131, yani b\u00f6lgenin maddi k\u00fclt\u00fcr\u00fc hakk\u0131nda bir tart\u0131\u015fma a\u00e7may\u0131, di\u011fer yandan bu yo\u011fun i\u015f g\u00fcc\u00fc gerektiren, erkeklere ait olan end\u00fcstriye feminist bir bak\u0131\u015f a\u00e7\u0131s\u0131 sunmay\u0131 ama\u00e7l\u0131yor.<\/p>\n<p class=\"_Default\">Te\u015fekk\u00fcrler: Mert Kara\u00e7ikay, Yi\u011fit Kaya, Cagatay Simsek, Ezgi \u00dclk\u00fc, Erkan Akliman, H\u00fclya Civlez, Do\u011fa Burak Hay\u0131rc\u0131.<\/p>\n<p><a href=\"https:\/\/www.if-then.eu\/\" target=\"_blank\" rel=\"noopener\">https:\/\/www.if-then.eu\/<\/a><\/p>\n<\/div>\n<\/div>\n<\/div>\n<\/div>\n<\/div>\n[\/vc_column_text][\/vc_column_inner][\/vc_row_inner][vc_raw_html]JTVCaXBhZ2VzJTIwaWQlM0QlMjI5JTIyJTVE[\/vc_raw_html][\/vc_column][\/vc_row][vc_row thb_full_width=&#8221;true&#8221; thb_divider_position=&#8221;bottom&#8221; css=&#8221;.vc_custom_1634479779185{margin-top: 40px !important;}&#8221;][vc_column width=&#8221;5\/6&#8243;][vc_masonry_media_grid element_width=&#8221;6&#8243; gap=&#8221;35&#8243; grid_id=&#8221;vc_gid:1638525548536-db5d952c-f58d-9&#8243; include=&#8221;5822,5820,5818,5816,5814,5812,5810,5808,5806,5804,5802&#8243;][\/vc_column][vc_column width=&#8221;1\/6&#8243;][\/vc_column][vc_column][\/vc_column][\/vc_row]\n","protected":false},"excerpt":{"rendered":"<p>[vc_row thb_full_width=&#8221;true&#8221; thb_divider_position=&#8221;bottom&#8221;][vc_column css=&#8221;.vc_custom_1634480201455{padding-left: 30px !important;}&#8221;][vc_wp_text] \u0130n\u015faat, 2019 Ana Filipovic &amp; Philipp Mecke[\/vc_wp_text][vc_wp_text el_class=&#8221;p-last-child&#8221;]Sinopale 7, \u201cBurada ve Nerede \/ Bir Konum Politikas\u0131\u201d K\u00fcrat\u00f6r: Asl\u0131 Serbest &amp; Mona Mahall[\/vc_wp_text][vc_row_inner][vc_column_inner width=&#8221;1\/2&#8243;][\/vc_column_inner][vc_column_inner width=&#8221;1\/2&#8243;][vc_column_text] Kentsel alanlarda ge\u00e7ici ancak uzun s\u00fcreli olu\u015fumlar olan in\u015faat b\u00f6lgeleri, hem \u00fcretim hem de performans alanlar\u0131d\u0131r. \u0130n\u015faat, karma\u015f\u0131k bir dizi d\u00fczenleme, planlama ve finansmana dayan\u0131rken,&hellip;<\/p>\n","protected":false},"author":1,"featured_media":3338,"comment_status":"closed","ping_status":"open","sticky":false,"template":"","format":"standard","meta":{"_acf_changed":false,"footnotes":""},"categories":[638,966],"tags":[645,619,621],"class_list":["post-5396","post","type-post","status-publish","format-standard","has-post-thumbnail","hentry","category-artwork-tr","category-sanat-eseri","tag-ana-filipovic-philipp-mecke-tr","tag-asli-serbest-mona-mahall-tr","tag-sinopale7-tr"],"acf":[],"_links":{"self":[{"href":"https:\/\/sinopale8.org\/tr\/wp-json\/wp\/v2\/posts\/5396","targetHints":{"allow":["GET"]}}],"collection":[{"href":"https:\/\/sinopale8.org\/tr\/wp-json\/wp\/v2\/posts"}],"about":[{"href":"https:\/\/sinopale8.org\/tr\/wp-json\/wp\/v2\/types\/post"}],"author":[{"embeddable":true,"href":"https:\/\/sinopale8.org\/tr\/wp-json\/wp\/v2\/users\/1"}],"replies":[{"embeddable":true,"href":"https:\/\/sinopale8.org\/tr\/wp-json\/wp\/v2\/comments?post=5396"}],"version-history":[{"count":8,"href":"https:\/\/sinopale8.org\/tr\/wp-json\/wp\/v2\/posts\/5396\/revisions"}],"predecessor-version":[{"id":5998,"href":"https:\/\/sinopale8.org\/tr\/wp-json\/wp\/v2\/posts\/5396\/revisions\/5998"}],"wp:featuredmedia":[{"embeddable":true,"href":"https:\/\/sinopale8.org\/tr\/wp-json\/wp\/v2\/media\/3338"}],"wp:attachment":[{"href":"https:\/\/sinopale8.org\/tr\/wp-json\/wp\/v2\/media?parent=5396"}],"wp:term":[{"taxonomy":"category","embeddable":true,"href":"https:\/\/sinopale8.org\/tr\/wp-json\/wp\/v2\/categories?post=5396"},{"taxonomy":"post_tag","embeddable":true,"href":"https:\/\/sinopale8.org\/tr\/wp-json\/wp\/v2\/tags?post=5396"}],"curies":[{"name":"wp","href":"https:\/\/api.w.org\/{rel}","templated":true}]}}