{"id":5390,"date":"2021-11-28T16:55:06","date_gmt":"2021-11-28T13:55:06","guid":{"rendered":"https:\/\/sinopale8.org\/the-dynamic-archive\/"},"modified":"2021-12-08T03:54:07","modified_gmt":"2021-12-08T00:54:07","slug":"the-dynamic-archive","status":"publish","type":"post","link":"https:\/\/sinopale8.org\/tr\/the-dynamic-archive\/","title":{"rendered":"Dinamik Ar\u015fiv (The Dynamic Archive)"},"content":{"rendered":"[vc_row thb_full_width=&#8221;true&#8221; thb_divider_position=&#8221;bottom&#8221;][vc_column css=&#8221;.vc_custom_1634480201455{padding-left: 30px !important;}&#8221;][vc_wp_text]\n<h2><strong><b>Dinamik Ar\u015fiv (The Dynamic Archive), 2019<\/b><\/strong><\/h2>\n<p>The Dynamic Archive[\/vc_wp_text][vc_wp_text el_class=&#8221;p-last-child&#8221;]Sinopale 7, \u201cBurada ve Nerede \/ Bir Konum Politikas\u0131\u201d<br \/>\nK\u00fcrat\u00f6r: Asl\u0131 Serbest &amp; Mona Mahall[\/vc_wp_text][vc_row_inner][vc_column_inner width=&#8221;1\/2&#8243;][\/vc_column_inner][vc_column_inner width=&#8221;1\/2&#8243;][vc_column_text]\n<div>A\u00e7\u0131k bir sistem olan Dinamik Ar\u015fiv, Hochschule der K\u00fcnste Bremen ile birlikte (estetik) bilgiyi, i\u015fbirlik\u00e7i s\u00fcre\u00e7leri ve uygulamalar\u0131 depolamak ve payla\u015fmak i\u00e7in geli\u015ftirildi. Sinopale 7, analog ve dijital yollarla ar\u015fivlenmektedir. Yaz\u0131l\u0131m geli\u015ftirmede \u201cA\u00e7\u0131k Kaynak\u201d stratejileri bu \u00e7abalar i\u00e7in bir model te\u015fkil etmi\u015ftir.<\/div>\n<div><\/div>\n<div>Ortak \u00e7al\u0131\u015fma, bilginin payla\u015f\u0131m\u0131 ve aktar\u0131m\u0131 sanat, akademi ve di\u011fer topluluklarda giderek daha \u00f6nemli hale geldi\u011finden, Dinamik Ar\u015fiv bu uygulamalara kar\u015f\u0131l\u0131k vermek ve bunlar\u0131 ilerletmek i\u00e7in olu\u015fturulmu\u015f yenilik\u00e7i bir formatt\u0131r. Bir a\u011f\u0131n \u00fcyeleri taraf\u0131ndan geli\u015ftirilen mod\u00fcllerin, y\u00f6ntemlerin, ilkelerin, g\u00f6r\u00fcnt\u00fclerin vb. daha fazla kullan\u0131m\u0131, a\u00e7\u0131k ve b\u00fcy\u00fcyen bir altyap\u0131 arac\u0131l\u0131\u011f\u0131yla ar\u015fivlenir, etiketlenir ve eri\u015filebilir hale getirilir. Bu altyap\u0131 hem dijital hem de analog olup, Sinop&#8217;taki s\u00fcre\u00e7lere eri\u015fim sa\u011flayacak ve s\u00fcre\u00e7leri daha da geli\u015ftirecektir. Bu sayede merkez ve \u00e7evre, kentsel ve k\u0131rsal alanlar aras\u0131ndaki g\u00f6r\u00fcn\u00fc\u015fte sabit ili\u015fkiler ele al\u0131nabilir ve hatta istikrars\u0131zla\u015ft\u0131r\u0131labilir.<\/div>\n<div><\/div>\n<div>(Andrea Sick, Irena Kukric, Dennis Paul ile birlikte)<\/div>\n<p class=\"p2\"><a href=\"http:\/\/thedynamicarchive.net\" target=\"_blank\" rel=\"noopener\">http:\/\/thedynamicarchive.net<\/a><\/p>\n[\/vc_column_text][\/vc_column_inner][\/vc_row_inner][\/vc_column][\/vc_row][vc_row thb_full_width=&#8221;true&#8221; thb_divider_position=&#8221;bottom&#8221; css=&#8221;.vc_custom_1634479779185{margin-top: 40px !important;}&#8221;][vc_column width=&#8221;5\/6&#8243;][vc_masonry_media_grid element_width=&#8221;6&#8243; gap=&#8221;35&#8243; grid_id=&#8221;vc_gid:1638923124748-fb8807a3-bdb9-7&#8243;][\/vc_column][vc_column width=&#8221;1\/6&#8243;][\/vc_column][vc_column][\/vc_column][\/vc_row]\n","protected":false},"excerpt":{"rendered":"<p>[vc_row thb_full_width=&#8221;true&#8221; thb_divider_position=&#8221;bottom&#8221;][vc_column css=&#8221;.vc_custom_1634480201455{padding-left: 30px !important;}&#8221;][vc_wp_text] Dinamik Ar\u015fiv (The Dynamic Archive), 2019 The Dynamic Archive[\/vc_wp_text][vc_wp_text el_class=&#8221;p-last-child&#8221;]Sinopale 7, \u201cBurada ve Nerede \/ Bir Konum Politikas\u0131\u201d K\u00fcrat\u00f6r: Asl\u0131 Serbest &amp; Mona Mahall[\/vc_wp_text][vc_row_inner][vc_column_inner width=&#8221;1\/2&#8243;][\/vc_column_inner][vc_column_inner width=&#8221;1\/2&#8243;][vc_column_text] A\u00e7\u0131k bir sistem olan Dinamik Ar\u015fiv, Hochschule der K\u00fcnste Bremen ile birlikte (estetik) bilgiyi, i\u015fbirlik\u00e7i s\u00fcre\u00e7leri ve uygulamalar\u0131 depolamak ve payla\u015fmak i\u00e7in geli\u015ftirildi.&hellip;<\/p>\n","protected":false},"author":1,"featured_media":0,"comment_status":"closed","ping_status":"open","sticky":false,"template":"","format":"standard","meta":{"_acf_changed":false,"footnotes":""},"categories":[968,964,966],"tags":[619,621,639],"class_list":["post-5390","post","type-post","status-publish","format-standard","hentry","category-arastirma","category-atolye","category-sanat-eseri","tag-asli-serbest-mona-mahall-tr","tag-sinopale7-tr","tag-the-dynamic-archive-tr"],"acf":[],"_links":{"self":[{"href":"https:\/\/sinopale8.org\/tr\/wp-json\/wp\/v2\/posts\/5390","targetHints":{"allow":["GET"]}}],"collection":[{"href":"https:\/\/sinopale8.org\/tr\/wp-json\/wp\/v2\/posts"}],"about":[{"href":"https:\/\/sinopale8.org\/tr\/wp-json\/wp\/v2\/types\/post"}],"author":[{"embeddable":true,"href":"https:\/\/sinopale8.org\/tr\/wp-json\/wp\/v2\/users\/1"}],"replies":[{"embeddable":true,"href":"https:\/\/sinopale8.org\/tr\/wp-json\/wp\/v2\/comments?post=5390"}],"version-history":[{"count":4,"href":"https:\/\/sinopale8.org\/tr\/wp-json\/wp\/v2\/posts\/5390\/revisions"}],"predecessor-version":[{"id":7840,"href":"https:\/\/sinopale8.org\/tr\/wp-json\/wp\/v2\/posts\/5390\/revisions\/7840"}],"wp:attachment":[{"href":"https:\/\/sinopale8.org\/tr\/wp-json\/wp\/v2\/media?parent=5390"}],"wp:term":[{"taxonomy":"category","embeddable":true,"href":"https:\/\/sinopale8.org\/tr\/wp-json\/wp\/v2\/categories?post=5390"},{"taxonomy":"post_tag","embeddable":true,"href":"https:\/\/sinopale8.org\/tr\/wp-json\/wp\/v2\/tags?post=5390"}],"curies":[{"name":"wp","href":"https:\/\/api.w.org\/{rel}","templated":true}]}}